{"id":11604,"date":"2026-04-27T10:33:34","date_gmt":"2026-04-27T10:33:34","guid":{"rendered":"https:\/\/nrd.es\/?p=11604"},"modified":"2026-04-27T10:36:34","modified_gmt":"2026-04-27T10:36:34","slug":"mac-2026-assiteix-al-mercat-audiovisual-de-catalunya-amb-nrd","status":"publish","type":"post","link":"https:\/\/nrd.es\/ca\/mac-2026-assiteix-al-mercat-audiovisual-de-catalunya-amb-nrd\/","title":{"rendered":"MAC 2026: Assiteix al Mercat Audiovisual de Catalunya amb NRD"},"content":{"rendered":"<p class=\"tw-data-text tw-text-large tw-ta\" dir=\"ltr\" data-placeholder=\"Traducci\u00f3n\" aria-label=\"Texto traducido\" data-ved=\"2ahUKEwiD-7WMg7CGAxV0Q_EDHWd_DNsQ3ewLegQIBRAU\"><span class=\"Y2IQFc\" lang=\"ca\">Des de NRD us volem convidar, un any m\u00e9s, a assistir al MAC 2026, esdeveniment que suposa el punt de trobada dels operadors, productors i professionals que fan cr\u00e9ixer la<strong> ind\u00fastria audiovisual catalana<\/strong>. Una fira essencial per als professionals del m\u00f3n audiovisual de Catalunya.<\/span><\/p>\n<p><img decoding=\"async\" class=\"emoji\" role=\"img\" draggable=\"false\" src=\"https:\/\/s.w.org\/images\/core\/emoji\/17.0.2\/svg\/1f4c5.svg\" alt=\"\ud83d\udcc5\" \/>\u00a0<strong>3 de juny <\/strong>de 2026, de 9:00h a 18.00h<\/p>\n<p><img decoding=\"async\" class=\"emoji\" role=\"img\" draggable=\"false\" src=\"https:\/\/s.w.org\/images\/core\/emoji\/17.0.2\/svg\/1f4cc.svg\" alt=\"\ud83d\udccc\" \/>\u00a0<strong>ROCA UMBERT<\/strong>, F\u00e0brica de les arts<\/p>\n<p><img decoding=\"async\" class=\"emoji\" role=\"img\" draggable=\"false\" src=\"https:\/\/s.w.org\/images\/core\/emoji\/17.0.2\/svg\/1f5fa.svg\" alt=\"\ud83d\uddfa\ufe0f\" \/>\u00a0Carrer d\u2019Enric Prat de la Riba, 77, 08401\u00a0<strong>Granollers<\/strong>, Barcelona<\/p>\n<p><img decoding=\"async\" class=\"emoji\" role=\"img\" draggable=\"false\" src=\"https:\/\/s.w.org\/images\/core\/emoji\/17.0.2\/svg\/1fa91.svg\" alt=\"\ud83e\ude91\" \/>\u00a0NRD en el\u00a0<strong>Stand n\u00ba X<\/strong><\/p>\n<p>&nbsp;<\/p>\n<h2 dir=\"ltr\" data-placeholder=\"Traducci\u00f3n\" aria-label=\"Texto traducido\" data-ved=\"2ahUKEwiD-7WMg7CGAxV0Q_EDHWd_DNsQ3ewLegQIBRAU\">Novetats del MAC 2026<\/h2>\n<p><span class=\"Y2IQFc\" lang=\"es\">Aquesta edici\u00f3 es titula &#8220;Creativitat sint\u00e8tica per a audi\u00e8ncies hiperconnectades&#8221; i promet servir de mirall de l&#8217;actualitat del sector i les noves generacions. Tamb\u00e9 hi haur\u00e0 espai per a <\/span><span style=\"font-size: 1rem; white-space: pre-wrap;\">crides amb finan\u00e7ament de projectes de televisi\u00f3, documental i p\u00f2dcast.<\/span><\/p>\n<p>Teniu el programa al seg\u00fcent enlla\u00e7: <a href=\"https:\/\/audiovisualmac.cat\/es\/programa-del-mac\/\">PROGRAMA MAC 2026<\/a><\/p>\n<div id=\"tw-container\" class=\"nev7se\" data-cp=\"1\" data-nnttsvi=\"1\" data-sletp=\"false\" data-sm=\"1\" data-ssbp=\"true\" data-sugg-time=\"500\" data-sugg-url=\"https:\/\/clients1.google.com\/complete\/search\" data-uilc=\"es\" data-vil=\",af,af-ZA,am,am-ET,ar-EG,ar-AE,ar-KW,ar-QA,ar,ar-IL,ar-JO,ar-LB,ar-PS,az,az-AZ,bg,bg-BG,bn,bn-BD,bn-IN,ca,ca-es,cs,cs-CZ,de,de-DE,de-CH,de-AT,de-LI,en,en-US,en-CA,en-AU,en-NZ,en-GB,en-IN,en-KE,en-TZ,en-NG,en-GH,en-PH,en-ZA,es,es-ES,es-AR,es-UY,es-419,es-BO,es-CL,es-CR,es-CO,es-DO,es-EC,es-GT,es-HN,es-NI,es-PA,es-PE,es-PR,es-PY,es-SV,es-VE,es-MX,es-US,eu,eu-ES,fi,fi-FI,fr,fr-FR,fr-CH,fr-BE,gl,gl-ES,gu,gu-IN,he,he-IL,iw,iw-IL,hu,hu-HU,hy,hy-AM,id,id-ID,is,is-IS,it,it-IT,it-CH,ja,ja-JP,jv,jv-ID,ka,ka-GE,km,km-KH,kn,kn-IN,ko,ko-KR,la,lo,lo-LA,lv,lv-LV,ml,ml-IN,mr,mr-IN,ms,ms-MY,nl,nl-NL,nb,nb-NO,ne,ne-NP,pl,pl-PL,pt,pt-BR,pt-PT,ro,ro-RO,ru,ru-RU,si-LK,sk,sk-SK,sr,sr-RS,su,su-ID,sv,sv-SE,sw,sw-TZ,sw-KE,ta,ta-IN,ta-SG,ta-LK,ta-MY,te,te-IN,tr,tr-TR,ur,ur-PK,ur-IN,yue,yue-HK,yue-Hant-HK,zh-HK,zh,zh-CN,zh-cmn,zh-cmn-CN,zh-Hans,zh-Hans-CN,zh-cmn-Hans,zh-cmn-Hans-CN,cmn-CN,cmn-Hans,cmn-Hans-CN,zh-TW,zh-Hant-TW,cmn-TW,cmn-Hant-TW,zh-cmn-TW,zh-cmn-Hant-TW,zu,zu-ZA,hi,hi-IN,tl,tl-PH,pa,pa-IN\">\n<div>\n<div>\n<div id=\"tw-ob\" class=\"tw-src-ltr\">\n<div class=\"oSioSc\">\n<div id=\"tw-target\">\n<div id=\"kAz1tf\" class=\"g9WsWb PZPZlf\" data-attrid=\"tw-targetArea\" data-entityname=\"Google Translate\">\n<div id=\"tw-target-text-container\" class=\"tw-ta-container tw-nfl\" tabindex=\"0\" role=\"text\">\n<p class=\"tw-data-text tw-text-large tw-ta\" dir=\"ltr\" tabindex=\"-1\" role=\"text\" data-placeholder=\"Traducci\u00f3n\" data-ved=\"2ahUKEwj66u-x5I2UAxV60QIHHS54JgsQ3ewLegQIDBAV\" aria-label=\"Texto traducido: Podeu inscriure's des d'aquest enlla\u00e7 per accedir a la fira: INSCRIPCI\u00d3 MAC 2024\"><span class=\"Y2IQFc\" lang=\"ca\">Us podeu inscriure des d&#8217;aquest enlla\u00e7 per accedir a la fira (<\/span><strong>\u00e9s gratu\u00eft, per\u00f2 obligatori<\/strong><span class=\"Y2IQFc\" lang=\"ca\">): <a href=\"https:\/\/mac.koobin.cat\/?idioma=CA&amp;act=1\">INSCRIPCI\u00d3 MAC 2026<\/a><\/span><\/p>\n<\/div>\n<\/div>\n<\/div>\n<\/div>\n<\/div>\n<\/div>\n<\/div>\n<\/div>\n<pre class=\"tw-data-text tw-text-large tw-ta\" dir=\"ltr\" style=\"font-size: 16px;\" tabindex=\"-1\" role=\"text\" data-placeholder=\"Traducci\u00f3n\" data-ved=\"2ahUKEwj66u-x5I2UAxV60QIHHS54JgsQ3ewLegQIDBAV\" aria-label=\"Texto traducido: Com no podia ser altrament, nosaltres tamb\u00e9 assistirem al MAC amb estand propi i presentarem les nostres solucions audiovisuals i broadcast per augmentar el valor i automatitzaci\u00f3 dels mitjans de comunicaci\u00f3 i empreses audiovisuals.\"><span class=\"Y2IQFc\" lang=\"ca\"><img fetchpriority=\"high\" decoding=\"async\" class=\"wp-image-11605 alignnone\" src=\"https:\/\/nrd.es\/wp-content\/uploads\/mediaflow-1.png\" alt=\"mediaflow\" width=\"766\" height=\"479\" srcset=\"https:\/\/nrd.es\/wp-content\/uploads\/mediaflow-1.png 1587w, https:\/\/nrd.es\/wp-content\/uploads\/mediaflow-1-300x188.png 300w, https:\/\/nrd.es\/wp-content\/uploads\/mediaflow-1-1024x640.png 1024w, https:\/\/nrd.es\/wp-content\/uploads\/mediaflow-1-768x480.png 768w, https:\/\/nrd.es\/wp-content\/uploads\/mediaflow-1-100x63.png 100w, https:\/\/nrd.es\/wp-content\/uploads\/mediaflow-1-1536x960.png 1536w\" sizes=\"(max-width: 766px) 100vw, 766px\" \/><\/span><\/pre>\n<h2 dir=\"ltr\" data-placeholder=\"Traducci\u00f3n\" aria-label=\"Texto traducido\" data-ved=\"2ahUKEwiD-7WMg7CGAxV0Q_EDHWd_DNsQ3ewLegQIBRAU\">STAND de NRD al MAC<\/h2>\n<div id=\"tw-container\" data-cp=\"1\" data-nnttsvi=\"1\" data-sletp=\"false\" data-sm=\"1\" data-ssbp=\"true\" data-sugg-time=\"500\" data-sugg-url=\"https:\/\/clients1.google.com\/complete\/search\" data-uilc=\"es\" data-vil=\",af,af-ZA,am,am-ET,ar-EG,ar-AE,ar-KW,ar-QA,ar,ar-IL,ar-JO,ar-LB,ar-PS,az,az-AZ,bg,bg-BG,bn,bn-BD,bn-IN,ca,ca-es,cs,cs-CZ,de,de-DE,de-CH,de-AT,de-LI,en,en-US,en-CA,en-AU,en-NZ,en-GB,en-IN,en-KE,en-TZ,en-NG,en-GH,en-PH,en-ZA,es,es-ES,es-AR,es-UY,es-419,es-BO,es-CL,es-CR,es-CO,es-DO,es-EC,es-GT,es-HN,es-NI,es-PA,es-PE,es-PR,es-PY,es-SV,es-VE,es-MX,es-US,eu,eu-ES,fi,fi-FI,fr,fr-FR,fr-CH,fr-BE,gl,gl-ES,gu,gu-IN,he,he-IL,iw,iw-IL,hu,hu-HU,hy,hy-AM,id,id-ID,is,is-IS,it,it-IT,it-CH,ja,ja-JP,jv,jv-ID,ka,ka-GE,km,km-KH,kn,kn-IN,ko,ko-KR,la,lo,lo-LA,lv,lv-LV,ml,ml-IN,mr,mr-IN,ms,ms-MY,nl,nl-NL,nb,nb-NO,ne,ne-NP,pl,pl-PL,pt,pt-BR,pt-PT,ro,ro-RO,ru,ru-RU,si-LK,sk,sk-SK,sr,sr-RS,su,su-ID,sv,sv-SE,sw,sw-TZ,sw-KE,ta,ta-IN,ta-SG,ta-LK,ta-MY,te,te-IN,tr,tr-TR,ur,ur-PK,ur-IN,yue,yue-HK,yue-Hant-HK,zh-HK,zh,zh-CN,zh-cmn,zh-cmn-CN,zh-Hans,zh-Hans-CN,zh-cmn-Hans,zh-cmn-Hans-CN,cmn-CN,cmn-Hans,cmn-Hans-CN,zh-TW,zh-Hant-TW,cmn-TW,cmn-Hant-TW,zh-cmn-TW,zh-cmn-Hant-TW,zu,zu-ZA,hi,hi-IN,tl,tl-PH,pa,pa-IN\">\n<div id=\"tw-ob\">\n<div>\n<div id=\"tw-target\">\n<div id=\"kAz1tf\" data-attrid=\"tw-targetArea\" data-entityname=\"Google Translate\">\n<div id=\"tw-target-text-container\" tabindex=\"0\" role=\"text\">\n<p dir=\"ltr\" tabindex=\"-1\" role=\"text\" data-placeholder=\"Traducci\u00f3n\" data-ved=\"2ahUKEwj66u-x5I2UAxV60QIHHS54JgsQ3ewLegQIDBAV\" aria-label=\"Texto traducido: Com no podia ser altrament, nosaltres tamb\u00e9 assistirem al MAC amb estand propi i presentarem les nostres solucions audiovisuals i broadcast per augmentar el valor i automatitzaci\u00f3 dels mitjans de comunicaci\u00f3 i empreses audiovisuals.\"><span lang=\"ca\">Com no podia ser altrament, nosaltres tamb\u00e9 assistirem al MAC amb estand propi i parlarem de les nostres solucions audiovisuals i broadcast per augmentar el valor i automatitzaci\u00f3 dels mitjans de comunicaci\u00f3 i empreses audiovisuals.<\/span><\/p>\n<p dir=\"ltr\" tabindex=\"-1\" role=\"text\" data-placeholder=\"Traducci\u00f3n\" data-ved=\"2ahUKEwj66u-x5I2UAxV60QIHHS54JgsQ3ewLegQIDBAV\" aria-label=\"Texto traducido: Com no podia ser altrament, nosaltres tamb\u00e9 assistirem al MAC amb estand propi i presentarem les nostres solucions audiovisuals i broadcast per augmentar el valor i automatitzaci\u00f3 dels mitjans de comunicaci\u00f3 i empreses audiovisuals.\"><span lang=\"ca\">A m\u00e9s de les nostres solucions AV Pro que coneixes, aquest any ens centrarem a presentar la nostra nova plataforma <strong>MEDIAFLOW: l&#8217;eina definitiva per a la gesti\u00f3 de senyals en directe<\/strong>.<\/span><\/p>\n<\/div>\n<\/div>\n<\/div>\n<\/div>\n<\/div>\n<\/div>\n<div>\n<div>\n<div id=\"tw-ob\">\n<div>\n<div id=\"tw-target\">\n<div id=\"kAz1tf\" data-attrid=\"tw-targetArea\" data-entityname=\"Google Translate\">\n<div id=\"tw-target-text-container\" tabindex=\"0\" role=\"text\">\n<p id=\"tw-target-text\" dir=\"ltr\" tabindex=\"-1\" role=\"text\" data-placeholder=\"Traducci\u00f3n\" data-ved=\"2ahUKEwj66u-x5I2UAxV60QIHHS54JgsQ3ewLegQIDBAV\" aria-label=\"Texto traducido: A m\u00e9s, realitzarem de demostracions en directe de les nostres solucions per a tots els assistents.\"><span lang=\"ca\">Si formes part d&#8217;una televisi\u00f3 o una emissora de r\u00e0dio, estem conven\u00e7uts que t&#8217;interessar\u00e0. Acostat al stand i estarem encantats de realitzar una demo en directe. <\/span><\/p>\n<\/div>\n<\/div>\n<\/div>\n<\/div>\n<\/div>\n<\/div>\n<\/div>\n<p>\u00a1T&#8217;esperem al MAC 2026!<\/p>\n<p><img decoding=\"async\" class=\"size-full wp-image-11607 alignnone\" src=\"https:\/\/nrd.es\/wp-content\/uploads\/MAC-2026-NRD-1.jpg\" alt=\"MAC 2026 NRD stand\" width=\"800\" height=\"641\" srcset=\"https:\/\/nrd.es\/wp-content\/uploads\/MAC-2026-NRD-1.jpg 800w, https:\/\/nrd.es\/wp-content\/uploads\/MAC-2026-NRD-1-300x240.jpg 300w, https:\/\/nrd.es\/wp-content\/uploads\/MAC-2026-NRD-1-768x615.jpg 768w, https:\/\/nrd.es\/wp-content\/uploads\/MAC-2026-NRD-1-100x80.jpg 100w\" sizes=\"(max-width: 800px) 100vw, 800px\" \/><\/p>\n","protected":false},"excerpt":{"rendered":"<p>Des de NRD us volem convidar, un any m\u00e9s, a assistir al MAC 2026, esdeveniment que suposa el punt de trobada dels operadors, productors i professionals que fan cr\u00e9ixer la ind\u00fastria audiovisual catalana. Una fira essencial per als professionals del m\u00f3n audiovisual de Catalunya. \u00a03 de juny de 2026, de 9:00h a 18.00h \u00a0ROCA UMBERT, [&hellip;]<\/p>\n","protected":false},"author":1,"featured_media":11606,"comment_status":"closed","ping_status":"open","sticky":false,"template":"","format":"standard","meta":{"_acf_changed":false,"footnotes":""},"categories":[191],"tags":[],"class_list":["post-11604","post","type-post","status-publish","format-standard","has-post-thumbnail","hentry","category-noticies"],"acf":[],"yoast_head":"<!-- This site is optimized with the Yoast SEO plugin v27.5 - https:\/\/yoast.com\/product\/yoast-seo-wordpress\/ -->\n<title>MAC 2026: Assiteix al Mercat Audiovisual de Catalunya amb NRD - NRDmultimedia<\/title>\n<meta name=\"description\" content=\"NRD estar\u00e0 present al MAC 2026, la fira referent per a operadors, productors i professionals de la ind\u00fastria audiovisual catalana.\" \/>\n<meta name=\"robots\" content=\"index, follow, max-snippet:-1, max-image-preview:large, max-video-preview:-1\" \/>\n<link rel=\"canonical\" href=\"https:\/\/nrd.es\/ca\/mac-2026-assiteix-al-mercat-audiovisual-de-catalunya-amb-nrd\/\" \/>\n<meta property=\"og:locale\" content=\"ca_ES\" \/>\n<meta property=\"og:type\" content=\"article\" \/>\n<meta property=\"og:title\" content=\"MAC 2026: Assiteix al Mercat Audiovisual de Catalunya amb NRD - NRDmultimedia\" \/>\n<meta property=\"og:description\" content=\"NRD estar\u00e0 present al MAC 2026, la fira referent per a operadors, productors i professionals de la ind\u00fastria audiovisual catalana.\" \/>\n<meta property=\"og:url\" content=\"https:\/\/nrd.es\/ca\/mac-2026-assiteix-al-mercat-audiovisual-de-catalunya-amb-nrd\/\" \/>\n<meta property=\"og:site_name\" content=\"NRDmultimedia\" \/>\n<meta property=\"article:published_time\" content=\"2026-04-27T10:33:34+00:00\" \/>\n<meta property=\"article:modified_time\" content=\"2026-04-27T10:36:34+00:00\" \/>\n<meta property=\"og:image\" content=\"https:\/\/nrd.es\/wp-content\/uploads\/MAC-2026-NRD-1-1.png\" \/>\n\t<meta property=\"og:image:width\" content=\"1200\" \/>\n\t<meta property=\"og:image:height\" content=\"576\" \/>\n\t<meta property=\"og:image:type\" content=\"image\/png\" \/>\n<meta name=\"author\" content=\"NRD\" \/>\n<meta name=\"twitter:label1\" content=\"Escrit per\" \/>\n\t<meta name=\"twitter:data1\" content=\"NRD\" \/>\n\t<meta name=\"twitter:label2\" content=\"Temps estimat de lectura\" \/>\n\t<meta name=\"twitter:data2\" content=\"3 minuts\" \/>\n<script type=\"application\/ld+json\" class=\"yoast-schema-graph\">{\"@context\":\"https:\\\/\\\/schema.org\",\"@graph\":[{\"@type\":\"Article\",\"@id\":\"https:\\\/\\\/nrd.es\\\/ca\\\/mac-2026-assiteix-al-mercat-audiovisual-de-catalunya-amb-nrd\\\/#article\",\"isPartOf\":{\"@id\":\"https:\\\/\\\/nrd.es\\\/ca\\\/mac-2026-assiteix-al-mercat-audiovisual-de-catalunya-amb-nrd\\\/\"},\"author\":{\"name\":\"NRD\",\"@id\":\"https:\\\/\\\/nrd.es\\\/ca\\\/#\\\/schema\\\/person\\\/ce966fcd0579dcee534b88f5992ee4e0\"},\"headline\":\"MAC 2026: Assiteix al Mercat Audiovisual de Catalunya amb NRD\",\"datePublished\":\"2026-04-27T10:33:34+00:00\",\"dateModified\":\"2026-04-27T10:36:34+00:00\",\"mainEntityOfPage\":{\"@id\":\"https:\\\/\\\/nrd.es\\\/ca\\\/mac-2026-assiteix-al-mercat-audiovisual-de-catalunya-amb-nrd\\\/\"},\"wordCount\":268,\"publisher\":{\"@id\":\"https:\\\/\\\/nrd.es\\\/ca\\\/#organization\"},\"image\":{\"@id\":\"https:\\\/\\\/nrd.es\\\/ca\\\/mac-2026-assiteix-al-mercat-audiovisual-de-catalunya-amb-nrd\\\/#primaryimage\"},\"thumbnailUrl\":\"https:\\\/\\\/nrd.es\\\/wp-content\\\/uploads\\\/MAC-2026-NRD-1-1.png\",\"articleSection\":[\"Not\u00edcies\"],\"inLanguage\":\"ca\"},{\"@type\":\"WebPage\",\"@id\":\"https:\\\/\\\/nrd.es\\\/ca\\\/mac-2026-assiteix-al-mercat-audiovisual-de-catalunya-amb-nrd\\\/\",\"url\":\"https:\\\/\\\/nrd.es\\\/ca\\\/mac-2026-assiteix-al-mercat-audiovisual-de-catalunya-amb-nrd\\\/\",\"name\":\"MAC 2026: Assiteix al Mercat Audiovisual de Catalunya amb NRD - NRDmultimedia\",\"isPartOf\":{\"@id\":\"https:\\\/\\\/nrd.es\\\/ca\\\/#website\"},\"primaryImageOfPage\":{\"@id\":\"https:\\\/\\\/nrd.es\\\/ca\\\/mac-2026-assiteix-al-mercat-audiovisual-de-catalunya-amb-nrd\\\/#primaryimage\"},\"image\":{\"@id\":\"https:\\\/\\\/nrd.es\\\/ca\\\/mac-2026-assiteix-al-mercat-audiovisual-de-catalunya-amb-nrd\\\/#primaryimage\"},\"thumbnailUrl\":\"https:\\\/\\\/nrd.es\\\/wp-content\\\/uploads\\\/MAC-2026-NRD-1-1.png\",\"datePublished\":\"2026-04-27T10:33:34+00:00\",\"dateModified\":\"2026-04-27T10:36:34+00:00\",\"description\":\"NRD estar\u00e0 present al MAC 2026, la fira referent per a operadors, productors i professionals de la ind\u00fastria audiovisual catalana.\",\"breadcrumb\":{\"@id\":\"https:\\\/\\\/nrd.es\\\/ca\\\/mac-2026-assiteix-al-mercat-audiovisual-de-catalunya-amb-nrd\\\/#breadcrumb\"},\"inLanguage\":\"ca\",\"potentialAction\":[{\"@type\":\"ReadAction\",\"target\":[\"https:\\\/\\\/nrd.es\\\/ca\\\/mac-2026-assiteix-al-mercat-audiovisual-de-catalunya-amb-nrd\\\/\"]}]},{\"@type\":\"ImageObject\",\"inLanguage\":\"ca\",\"@id\":\"https:\\\/\\\/nrd.es\\\/ca\\\/mac-2026-assiteix-al-mercat-audiovisual-de-catalunya-amb-nrd\\\/#primaryimage\",\"url\":\"https:\\\/\\\/nrd.es\\\/wp-content\\\/uploads\\\/MAC-2026-NRD-1-1.png\",\"contentUrl\":\"https:\\\/\\\/nrd.es\\\/wp-content\\\/uploads\\\/MAC-2026-NRD-1-1.png\",\"width\":1200,\"height\":576,\"caption\":\"MAC 2026 NRD\"},{\"@type\":\"BreadcrumbList\",\"@id\":\"https:\\\/\\\/nrd.es\\\/ca\\\/mac-2026-assiteix-al-mercat-audiovisual-de-catalunya-amb-nrd\\\/#breadcrumb\",\"itemListElement\":[{\"@type\":\"ListItem\",\"position\":1,\"name\":\"Home\",\"item\":\"https:\\\/\\\/nrd.es\\\/ca\\\/nrdmultimedia\\\/\"},{\"@type\":\"ListItem\",\"position\":2,\"name\":\"MAC 2026: Assiteix al Mercat Audiovisual de Catalunya amb NRD\"}]},{\"@type\":\"WebSite\",\"@id\":\"https:\\\/\\\/nrd.es\\\/ca\\\/#website\",\"url\":\"https:\\\/\\\/nrd.es\\\/ca\\\/\",\"name\":\"NRDmultimedia\",\"description\":\"Multimedia Technologies\",\"publisher\":{\"@id\":\"https:\\\/\\\/nrd.es\\\/ca\\\/#organization\"},\"potentialAction\":[{\"@type\":\"SearchAction\",\"target\":{\"@type\":\"EntryPoint\",\"urlTemplate\":\"https:\\\/\\\/nrd.es\\\/ca\\\/?s={search_term_string}\"},\"query-input\":{\"@type\":\"PropertyValueSpecification\",\"valueRequired\":true,\"valueName\":\"search_term_string\"}}],\"inLanguage\":\"ca\"},{\"@type\":\"Organization\",\"@id\":\"https:\\\/\\\/nrd.es\\\/ca\\\/#organization\",\"name\":\"NRDmultimedia\",\"url\":\"https:\\\/\\\/nrd.es\\\/ca\\\/\",\"logo\":{\"@type\":\"ImageObject\",\"inLanguage\":\"ca\",\"@id\":\"https:\\\/\\\/nrd.es\\\/ca\\\/#\\\/schema\\\/logo\\\/image\\\/\",\"url\":\"https:\\\/\\\/nrd.es\\\/wp-content\\\/uploads\\\/NRD-LOGO-gran.png\",\"contentUrl\":\"https:\\\/\\\/nrd.es\\\/wp-content\\\/uploads\\\/NRD-LOGO-gran.png\",\"width\":2048,\"height\":922,\"caption\":\"NRDmultimedia\"},\"image\":{\"@id\":\"https:\\\/\\\/nrd.es\\\/ca\\\/#\\\/schema\\\/logo\\\/image\\\/\"}},{\"@type\":\"Person\",\"@id\":\"https:\\\/\\\/nrd.es\\\/ca\\\/#\\\/schema\\\/person\\\/ce966fcd0579dcee534b88f5992ee4e0\",\"name\":\"NRD\",\"image\":{\"@type\":\"ImageObject\",\"inLanguage\":\"ca\",\"@id\":\"https:\\\/\\\/secure.gravatar.com\\\/avatar\\\/eff8f6741dd8fc70b1aefafe02715edb183fdf053b85388e884536d855d1f577?s=96&d=mm&r=g\",\"url\":\"https:\\\/\\\/secure.gravatar.com\\\/avatar\\\/eff8f6741dd8fc70b1aefafe02715edb183fdf053b85388e884536d855d1f577?s=96&d=mm&r=g\",\"contentUrl\":\"https:\\\/\\\/secure.gravatar.com\\\/avatar\\\/eff8f6741dd8fc70b1aefafe02715edb183fdf053b85388e884536d855d1f577?s=96&d=mm&r=g\",\"caption\":\"NRD\"},\"url\":\"https:\\\/\\\/nrd.es\\\/ca\\\/author\\\/adtel\\\/\"}]}<\/script>\n<!-- \/ Yoast SEO plugin. -->","yoast_head_json":{"title":"MAC 2026: Assiteix al Mercat Audiovisual de Catalunya amb NRD - NRDmultimedia","description":"NRD estar\u00e0 present al MAC 2026, la fira referent per a operadors, productors i professionals de la ind\u00fastria audiovisual catalana.","robots":{"index":"index","follow":"follow","max-snippet":"max-snippet:-1","max-image-preview":"max-image-preview:large","max-video-preview":"max-video-preview:-1"},"canonical":"https:\/\/nrd.es\/ca\/mac-2026-assiteix-al-mercat-audiovisual-de-catalunya-amb-nrd\/","og_locale":"ca_ES","og_type":"article","og_title":"MAC 2026: Assiteix al Mercat Audiovisual de Catalunya amb NRD - NRDmultimedia","og_description":"NRD estar\u00e0 present al MAC 2026, la fira referent per a operadors, productors i professionals de la ind\u00fastria audiovisual catalana.","og_url":"https:\/\/nrd.es\/ca\/mac-2026-assiteix-al-mercat-audiovisual-de-catalunya-amb-nrd\/","og_site_name":"NRDmultimedia","article_published_time":"2026-04-27T10:33:34+00:00","article_modified_time":"2026-04-27T10:36:34+00:00","og_image":[{"width":1200,"height":576,"url":"https:\/\/nrd.es\/wp-content\/uploads\/MAC-2026-NRD-1-1.png","type":"image\/png"}],"author":"NRD","twitter_misc":{"Escrit per":"NRD","Temps estimat de lectura":"3 minuts"},"schema":{"@context":"https:\/\/schema.org","@graph":[{"@type":"Article","@id":"https:\/\/nrd.es\/ca\/mac-2026-assiteix-al-mercat-audiovisual-de-catalunya-amb-nrd\/#article","isPartOf":{"@id":"https:\/\/nrd.es\/ca\/mac-2026-assiteix-al-mercat-audiovisual-de-catalunya-amb-nrd\/"},"author":{"name":"NRD","@id":"https:\/\/nrd.es\/ca\/#\/schema\/person\/ce966fcd0579dcee534b88f5992ee4e0"},"headline":"MAC 2026: Assiteix al Mercat Audiovisual de Catalunya amb NRD","datePublished":"2026-04-27T10:33:34+00:00","dateModified":"2026-04-27T10:36:34+00:00","mainEntityOfPage":{"@id":"https:\/\/nrd.es\/ca\/mac-2026-assiteix-al-mercat-audiovisual-de-catalunya-amb-nrd\/"},"wordCount":268,"publisher":{"@id":"https:\/\/nrd.es\/ca\/#organization"},"image":{"@id":"https:\/\/nrd.es\/ca\/mac-2026-assiteix-al-mercat-audiovisual-de-catalunya-amb-nrd\/#primaryimage"},"thumbnailUrl":"https:\/\/nrd.es\/wp-content\/uploads\/MAC-2026-NRD-1-1.png","articleSection":["Not\u00edcies"],"inLanguage":"ca"},{"@type":"WebPage","@id":"https:\/\/nrd.es\/ca\/mac-2026-assiteix-al-mercat-audiovisual-de-catalunya-amb-nrd\/","url":"https:\/\/nrd.es\/ca\/mac-2026-assiteix-al-mercat-audiovisual-de-catalunya-amb-nrd\/","name":"MAC 2026: Assiteix al Mercat Audiovisual de Catalunya amb NRD - NRDmultimedia","isPartOf":{"@id":"https:\/\/nrd.es\/ca\/#website"},"primaryImageOfPage":{"@id":"https:\/\/nrd.es\/ca\/mac-2026-assiteix-al-mercat-audiovisual-de-catalunya-amb-nrd\/#primaryimage"},"image":{"@id":"https:\/\/nrd.es\/ca\/mac-2026-assiteix-al-mercat-audiovisual-de-catalunya-amb-nrd\/#primaryimage"},"thumbnailUrl":"https:\/\/nrd.es\/wp-content\/uploads\/MAC-2026-NRD-1-1.png","datePublished":"2026-04-27T10:33:34+00:00","dateModified":"2026-04-27T10:36:34+00:00","description":"NRD estar\u00e0 present al MAC 2026, la fira referent per a operadors, productors i professionals de la ind\u00fastria audiovisual catalana.","breadcrumb":{"@id":"https:\/\/nrd.es\/ca\/mac-2026-assiteix-al-mercat-audiovisual-de-catalunya-amb-nrd\/#breadcrumb"},"inLanguage":"ca","potentialAction":[{"@type":"ReadAction","target":["https:\/\/nrd.es\/ca\/mac-2026-assiteix-al-mercat-audiovisual-de-catalunya-amb-nrd\/"]}]},{"@type":"ImageObject","inLanguage":"ca","@id":"https:\/\/nrd.es\/ca\/mac-2026-assiteix-al-mercat-audiovisual-de-catalunya-amb-nrd\/#primaryimage","url":"https:\/\/nrd.es\/wp-content\/uploads\/MAC-2026-NRD-1-1.png","contentUrl":"https:\/\/nrd.es\/wp-content\/uploads\/MAC-2026-NRD-1-1.png","width":1200,"height":576,"caption":"MAC 2026 NRD"},{"@type":"BreadcrumbList","@id":"https:\/\/nrd.es\/ca\/mac-2026-assiteix-al-mercat-audiovisual-de-catalunya-amb-nrd\/#breadcrumb","itemListElement":[{"@type":"ListItem","position":1,"name":"Home","item":"https:\/\/nrd.es\/ca\/nrdmultimedia\/"},{"@type":"ListItem","position":2,"name":"MAC 2026: Assiteix al Mercat Audiovisual de Catalunya amb NRD"}]},{"@type":"WebSite","@id":"https:\/\/nrd.es\/ca\/#website","url":"https:\/\/nrd.es\/ca\/","name":"NRDmultimedia","description":"Multimedia Technologies","publisher":{"@id":"https:\/\/nrd.es\/ca\/#organization"},"potentialAction":[{"@type":"SearchAction","target":{"@type":"EntryPoint","urlTemplate":"https:\/\/nrd.es\/ca\/?s={search_term_string}"},"query-input":{"@type":"PropertyValueSpecification","valueRequired":true,"valueName":"search_term_string"}}],"inLanguage":"ca"},{"@type":"Organization","@id":"https:\/\/nrd.es\/ca\/#organization","name":"NRDmultimedia","url":"https:\/\/nrd.es\/ca\/","logo":{"@type":"ImageObject","inLanguage":"ca","@id":"https:\/\/nrd.es\/ca\/#\/schema\/logo\/image\/","url":"https:\/\/nrd.es\/wp-content\/uploads\/NRD-LOGO-gran.png","contentUrl":"https:\/\/nrd.es\/wp-content\/uploads\/NRD-LOGO-gran.png","width":2048,"height":922,"caption":"NRDmultimedia"},"image":{"@id":"https:\/\/nrd.es\/ca\/#\/schema\/logo\/image\/"}},{"@type":"Person","@id":"https:\/\/nrd.es\/ca\/#\/schema\/person\/ce966fcd0579dcee534b88f5992ee4e0","name":"NRD","image":{"@type":"ImageObject","inLanguage":"ca","@id":"https:\/\/secure.gravatar.com\/avatar\/eff8f6741dd8fc70b1aefafe02715edb183fdf053b85388e884536d855d1f577?s=96&d=mm&r=g","url":"https:\/\/secure.gravatar.com\/avatar\/eff8f6741dd8fc70b1aefafe02715edb183fdf053b85388e884536d855d1f577?s=96&d=mm&r=g","contentUrl":"https:\/\/secure.gravatar.com\/avatar\/eff8f6741dd8fc70b1aefafe02715edb183fdf053b85388e884536d855d1f577?s=96&d=mm&r=g","caption":"NRD"},"url":"https:\/\/nrd.es\/ca\/author\/adtel\/"}]}},"_links":{"self":[{"href":"https:\/\/nrd.es\/ca\/wp-json\/wp\/v2\/posts\/11604","targetHints":{"allow":["GET"]}}],"collection":[{"href":"https:\/\/nrd.es\/ca\/wp-json\/wp\/v2\/posts"}],"about":[{"href":"https:\/\/nrd.es\/ca\/wp-json\/wp\/v2\/types\/post"}],"author":[{"embeddable":true,"href":"https:\/\/nrd.es\/ca\/wp-json\/wp\/v2\/users\/1"}],"replies":[{"embeddable":true,"href":"https:\/\/nrd.es\/ca\/wp-json\/wp\/v2\/comments?post=11604"}],"version-history":[{"count":4,"href":"https:\/\/nrd.es\/ca\/wp-json\/wp\/v2\/posts\/11604\/revisions"}],"predecessor-version":[{"id":11611,"href":"https:\/\/nrd.es\/ca\/wp-json\/wp\/v2\/posts\/11604\/revisions\/11611"}],"wp:featuredmedia":[{"embeddable":true,"href":"https:\/\/nrd.es\/ca\/wp-json\/wp\/v2\/media\/11606"}],"wp:attachment":[{"href":"https:\/\/nrd.es\/ca\/wp-json\/wp\/v2\/media?parent=11604"}],"wp:term":[{"taxonomy":"category","embeddable":true,"href":"https:\/\/nrd.es\/ca\/wp-json\/wp\/v2\/categories?post=11604"},{"taxonomy":"post_tag","embeddable":true,"href":"https:\/\/nrd.es\/ca\/wp-json\/wp\/v2\/tags?post=11604"}],"curies":[{"name":"wp","href":"https:\/\/api.w.org\/{rel}","templated":true}]}}